{"id":2296,"date":"2026-03-24T15:19:09","date_gmt":"2026-03-24T14:19:09","guid":{"rendered":"https:\/\/zaemesammle.ch\/nachgefragt-bei-der-zamesammle-community-austausch-mit-gottfried\/"},"modified":"2026-04-15T13:32:26","modified_gmt":"2026-04-15T11:32:26","slug":"nachgefragt-bei-der-zamesammle-community-austausch-mit-gottfried","status":"publish","type":"post","link":"https:\/\/zaemesammle.ch\/fr\/nachgefragt-bei-der-zamesammle-community-austausch-mit-gottfried\/","title":{"rendered":"Nachgefragt bei der #z\u00e4mesammle-Community: Austausch mit Gottfried"},"content":{"rendered":"\n<p><em>Was motiviert Menschen, ihre Fl\u00e4chen auf #z\u00e4mesammle zu teilen? Welche Erfahrungen machen sie bei der Bek\u00e4mpfung invasiver Neophyten?<\/em> <em>Wir haben bei <\/em><strong><em>Gottfried (70)<\/em><\/strong><em> nachgefragt. Er ist Gemeindevertreter in der Kommission Kiesabbau und Rekultivierung und engagiert sich mit seiner Kommission f\u00fcr den Unterhalt einer rekultivierten Kiesgrube in Lenzburg.<\/em> <\/p>\n\n<p><\/p>\n\n<p><strong>Was hat dich motiviert, dich auf der Plattform #z\u00e4mesammle als Fl\u00e4chenanbieter zu registrieren?<\/strong> <br\/>Ich war interessiert, weitere Helfer:innen f\u00fcr den \u00abZupftag\u00bb der Ortsb\u00fcrger zu gewinnen. <br\/> <\/p>\n\n<p><strong>W\u00fcrdest du von dir behaupten, dass du dich im Bereich invasiver Neophyten bereits gut auskennst?<\/strong> <br\/>Ich kenne vor allem die sich in der \u00f6kologischen Fl\u00e4che ausbreitenden Neophyten. Ebenso schaue ich im eignen Garten auf entsprechende Gew\u00e4chse und entsorge die undefinierten Pflanzen (z.B. Tessinerpalme usw.)  <\/p>\n\n<figure class=\"wp-block-image aligncenter size-large is-resized\"><img loading=\"lazy\" decoding=\"async\" width=\"2560\" height=\"1440\" src=\"https:\/\/zaemesammle.ch\/wp-content\/uploads\/2026\/03\/DSC_1316-1-edited-scaled.jpg\" alt=\"\" class=\"wp-image-2189\" style=\"width:540px;height:auto\" srcset=\"https:\/\/zaemesammle.ch\/wp-content\/uploads\/2026\/03\/DSC_1316-1-edited-scaled.jpg 2560w, https:\/\/zaemesammle.ch\/wp-content\/uploads\/2026\/03\/DSC_1316-1-edited-300x169.jpg 300w, https:\/\/zaemesammle.ch\/wp-content\/uploads\/2026\/03\/DSC_1316-1-edited-1024x576.jpg 1024w, https:\/\/zaemesammle.ch\/wp-content\/uploads\/2026\/03\/DSC_1316-1-edited-768x432.jpg 768w, https:\/\/zaemesammle.ch\/wp-content\/uploads\/2026\/03\/DSC_1316-1-edited-1536x864.jpg 1536w, https:\/\/zaemesammle.ch\/wp-content\/uploads\/2026\/03\/DSC_1316-1-edited-2048x1152.jpg 2048w\" sizes=\"auto, (max-width: 2560px) 100vw, 2560px\" \/><figcaption class=\"wp-element-caption\"><em>Die Community kommt zur Hilfe: Gemeinsam gegen invasive Neophyten (Bild: Gottfried Kneuss)<\/em><\/figcaption><\/figure>\n\n<p><strong>Konntest du bereits einen Termin mit Freiwilligen Helfenden vereinbaren? Falls ja, magst du in zwei, drei S\u00e4tzen beschreiben, wie der Einsatz zu Stande gekommen ist? <\/strong> <br\/>Die Kommission f\u00fchrt jedes Jahr einen Anlass in der Spezialzone Kieswerk durch. Darauf wird auf Freiwillige aus der Stadt gesetzt. Es treffen sich jeweils 20 bis 25 Interessierte zu diesem Einsatz, der \u00fcber ca. 2 Stunden dauert. Nach nun \u00fcber f\u00fcnf Jahren sehen alle Teilnehmer:innen die mehrmals dabei sind, einen Erfolg. Die bearbeiteten Fl\u00e4chen sind nicht mehr so intensiv mit Neophyten bewachsen. Wir k\u00f6nnen trotzdem jedes Jahr ca. 600 kg Gr\u00fcngut durch das Bauamt in die Verbrennung f\u00fchren lassen. Via die Plattform #z\u00e4mesammle suchen wir nach zus\u00e4tzlichen Freiwilligen, damit die Erfolgsgeschichte weitergef\u00fchrt werden kann.       <\/p>\n\n<p><strong>Was w\u00fcrdest du potenziellen Interessenten sagen, wenn du gefragt wirst, ob sich das Mitmachen auf #z\u00e4mesammle lohnt?<\/strong> <br\/>Mitmachen lohnt sich auf jeden Fall. Nur so k\u00f6nnen wir gemeinsam die massive Zunahme von Neophyten und deren Verdr\u00e4ngungsplan eind\u00e4mmen!  <\/p>\n\n<p><strong>Zu guter Letzt: Wem w\u00fcrdest du die Plattform #z\u00e4mesammle empfehlen?<\/strong> <br\/>Allen Personen, die f\u00fcr die Neophytenbek\u00e4mpfung verantwortlich sind. <br\/> <\/p>\n\n<figure class=\"wp-block-image aligncenter size-large is-resized\"><img loading=\"lazy\" decoding=\"async\" width=\"1024\" height=\"428\" src=\"https:\/\/zaemesammle.ch\/wp-content\/uploads\/2026\/03\/54-helfende-Haende-1024x428.jpeg\" alt=\"\" class=\"wp-image-2187\" style=\"width:596px;height:auto\" srcset=\"https:\/\/zaemesammle.ch\/wp-content\/uploads\/2026\/03\/54-helfende-Haende-1024x428.jpeg 1024w, https:\/\/zaemesammle.ch\/wp-content\/uploads\/2026\/03\/54-helfende-Haende-300x125.jpeg 300w, https:\/\/zaemesammle.ch\/wp-content\/uploads\/2026\/03\/54-helfende-Haende-768x321.jpeg 768w, https:\/\/zaemesammle.ch\/wp-content\/uploads\/2026\/03\/54-helfende-Haende-1536x642.jpeg 1536w, https:\/\/zaemesammle.ch\/wp-content\/uploads\/2026\/03\/54-helfende-Haende-2048x855.jpeg 2048w\" sizes=\"auto, (max-width: 1024px) 100vw, 1024px\" \/><figcaption class=\"wp-element-caption\"><em>Zupftag in Lenzburg<\/em> <em>(Bild: Gottfried Kneuss)<\/em><\/figcaption><\/figure>\n\n<p><\/p>\n\n<p><em>Gottfrieds Beispiel zeigt: <\/em><strong><em>Dranbleiben wirkt.<\/em><\/strong><em> Erfolge werden sichtbar \u2013 aber nur, wenn regelm\u00e4ssig angepackt wird. Und genau hier setzt <\/em><strong><em>#z\u00e4mesammle<\/em><\/strong><em> an: Menschen zusammenbringen, die gemeinsam etwas bewegen wollen.<\/em> <\/p>\n\n<p class=\"has-secondary-color has-text-color has-link-color wp-elements-279ef3e54a0cb0c1e0c988b1993fadf1\"><strong><em>Mach auch du mit!<\/em><\/strong><em> Ob als freiwillige Person, Verein oder Fl\u00e4chenverantwortliche: Auf #z\u00e4mesammle findest du Eins\u00e4tze, Unterst\u00fctzung und Gleichgesinnte in deiner Region.<\/em><strong><em> <\/em><\/strong><strong><em>Jetzt anmelden und Teil der Bewegung werden<\/em><\/strong><em>: <\/em><a href=\"https:\/\/www.zaemesammle.ch\/\" target=\"_blank\" rel=\"noreferrer noopener\"><em>https:\/\/www.zaemesammle.ch\/<\/em><\/a> <\/p>\n\n<p><\/p>\n","protected":false},"excerpt":{"rendered":"<p>Was motiviert Menschen, ihre Fl\u00e4chen auf #z\u00e4mesammle zu teilen? Welche Erfahrungen machen sie bei der Bek\u00e4mpfung invasiver Neophyten? Wir haben bei Gottfried (70) nachgefragt.  <\/p>\n","protected":false},"author":15,"featured_media":2295,"comment_status":"open","ping_status":"open","sticky":false,"template":"","format":"standard","meta":{"footnotes":""},"categories":[10],"tags":[],"class_list":["post-2296","post","type-post","status-publish","format-standard","has-post-thumbnail","hentry","category-non-categorise"],"_links":{"self":[{"href":"https:\/\/zaemesammle.ch\/fr\/wp-json\/wp\/v2\/posts\/2296","targetHints":{"allow":["GET"]}}],"collection":[{"href":"https:\/\/zaemesammle.ch\/fr\/wp-json\/wp\/v2\/posts"}],"about":[{"href":"https:\/\/zaemesammle.ch\/fr\/wp-json\/wp\/v2\/types\/post"}],"author":[{"embeddable":true,"href":"https:\/\/zaemesammle.ch\/fr\/wp-json\/wp\/v2\/users\/15"}],"replies":[{"embeddable":true,"href":"https:\/\/zaemesammle.ch\/fr\/wp-json\/wp\/v2\/comments?post=2296"}],"version-history":[{"count":1,"href":"https:\/\/zaemesammle.ch\/fr\/wp-json\/wp\/v2\/posts\/2296\/revisions"}],"predecessor-version":[{"id":2299,"href":"https:\/\/zaemesammle.ch\/fr\/wp-json\/wp\/v2\/posts\/2296\/revisions\/2299"}],"wp:featuredmedia":[{"embeddable":true,"href":"https:\/\/zaemesammle.ch\/fr\/wp-json\/wp\/v2\/media\/2295"}],"wp:attachment":[{"href":"https:\/\/zaemesammle.ch\/fr\/wp-json\/wp\/v2\/media?parent=2296"}],"wp:term":[{"taxonomy":"category","embeddable":true,"href":"https:\/\/zaemesammle.ch\/fr\/wp-json\/wp\/v2\/categories?post=2296"},{"taxonomy":"post_tag","embeddable":true,"href":"https:\/\/zaemesammle.ch\/fr\/wp-json\/wp\/v2\/tags?post=2296"}],"curies":[{"name":"wp","href":"https:\/\/api.w.org\/{rel}","templated":true}]}}